{"id":1035,"count":12,"description":"<div class=\"flex-1 overflow-hidden\">\r\n<div class=\"react-scroll-to-bottom--css-orlle-79elbk h-full\">\r\n<div class=\"react-scroll-to-bottom--css-orlle-1n7m0yu\">\r\n<div>\r\n<div class=\"flex flex-col text-sm pb-9\">\r\n<div class=\"w-full text-token-text-primary\" dir=\"auto\" data-testid=\"conversation-turn-19\">\r\n<div class=\"px-4 py-2 justify-center text-base md:gap-6 m-auto\">\r\n<div class=\"flex flex-1 text-base mx-auto gap-3 juice:gap-4 juice:md:gap-6 md:px-5 lg:px-1 xl:px-5 md:max-w-3xl lg:max-w-[40rem] xl:max-w-[48rem]\">\r\n<div class=\"relative flex w-full flex-col agent-turn\">\r\n<div class=\"flex-col gap-1 md:gap-3\">\r\n<div class=\"flex flex-grow flex-col max-w-full\">\r\n<div class=\"min-h-[20px] text-message flex flex-col items-start gap-3 whitespace-pre-wrap break-words [.text-message+&amp;]:mt-5 overflow-x-auto\" dir=\"auto\" data-message-author-role=\"assistant\" data-message-id=\"340b8131-80e3-4d9e-ae83-501c4f24db54\">\r\n<div class=\"markdown prose w-full break-words dark:prose-invert light\">\r\n\r\nGartenm\u00f6bel - Entdecken Sie eine umfangreiche Auswahl an Gartenm\u00f6beln, die entwickelt wurden, um Ihr Outdoor-Wohnerlebnis zu verbessern.\r\n\r\n<\/div>\r\n<\/div>\r\n<\/div>\r\n<div class=\"mt-1 flex gap-3 empty:hidden\">\r\n<div class=\"text-gray-400 flex self-end lg:self-center items-center justify-center lg:justify-start mt-0 -ml-1 h-7 gap-[2px] visible\">\r\n\r\n&nbsp;\r\n<div class=\"flex items-center gap-1.5 text-xs\"><\/div>\r\n<div class=\"flex\"><\/div>\r\n<\/div>\r\n<\/div>\r\n<div class=\"pr-2 lg:pr-0\"><\/div>\r\n<\/div>\r\n<\/div>\r\n<\/div>\r\n<\/div>\r\n<\/div>\r\n<\/div>\r\n<\/div>\r\n<\/div>\r\n<\/div>\r\n<\/div>\r\n<div class=\"w-full pt-2 md:pt-0 dark:border-white\/20 md:border-transparent md:dark:border-transparent md:w-[calc(100%-.5rem)]\">\r\n<div class=\"relative flex h-full flex-1 flex-col\">\r\n<div class=\"absolute bottom-full left-0 right-0\"><\/div>\r\n<div class=\"flex w-full items-center\"><\/div>\r\n<\/div>\r\n<\/div>","link":"https:\/\/depagterinterieurs.nl\/de\/produkt-kategorien\/gartenmoebel\/","name":"Gartenm\u00f6bel","slug":"gartenmoebel","taxonomy":"product_cat","parent":0,"meta":[],"menu_order":0,"yoast_head":"<!-- This site is optimized with the Yoast SEO plugin v27.3 - https:\/\/yoast.com\/product\/yoast-seo-wordpress\/ -->\n<title>Gartenm\u00f6bel Archieven - De Pagter Interieurs<\/title>\n<meta name=\"description\" content=\"Gartenm\u00f6bel - Entdecken Sie stilvolle und langlebige M\u00f6bel f\u00fcr Ihren Au\u00dfenbereich.\" \/>\n<meta name=\"robots\" content=\"index, follow, max-snippet:-1, max-image-preview:large, max-video-preview:-1\" \/>\n<link rel=\"canonical\" href=\"https:\/\/depagterinterieurs.nl\/de\/produkt-kategorien\/gartenmoebel\/\" \/>\n<meta property=\"og:locale\" content=\"de_DE\" \/>\n<meta property=\"og:type\" content=\"article\" \/>\n<meta property=\"og:title\" content=\"Gartenm\u00f6bel Archieven - De Pagter Interieurs\" \/>\n<meta property=\"og:description\" content=\"Gartenm\u00f6bel - Entdecken Sie stilvolle und langlebige M\u00f6bel f\u00fcr Ihren Au\u00dfenbereich.\" \/>\n<meta property=\"og:url\" content=\"https:\/\/depagterinterieurs.nl\/de\/produkt-kategorien\/gartenmoebel\/\" \/>\n<meta property=\"og:site_name\" content=\"De Pagter Interieurs\" \/>\n<meta name=\"twitter:card\" content=\"summary_large_image\" \/>\n<script type=\"application\/ld+json\" class=\"yoast-schema-graph\">{\"@context\":\"https:\\\/\\\/schema.org\",\"@graph\":[{\"@type\":\"CollectionPage\",\"@id\":\"https:\\\/\\\/depagterinterieurs.nl\\\/de\\\/produkt-kategorien\\\/gartenmoebel\\\/\",\"url\":\"https:\\\/\\\/depagterinterieurs.nl\\\/de\\\/produkt-kategorien\\\/gartenmoebel\\\/\",\"name\":\"Gartenm\u00f6bel Archieven - De Pagter Interieurs\",\"isPartOf\":{\"@id\":\"https:\\\/\\\/depagterinterieurs.nl\\\/de\\\/#website\"},\"description\":\"Gartenm\u00f6bel - Entdecken Sie stilvolle und langlebige M\u00f6bel f\u00fcr Ihren Au\u00dfenbereich.\",\"breadcrumb\":{\"@id\":\"https:\\\/\\\/depagterinterieurs.nl\\\/de\\\/produkt-kategorien\\\/gartenmoebel\\\/#breadcrumb\"},\"inLanguage\":\"de-DE\"},{\"@type\":\"BreadcrumbList\",\"@id\":\"https:\\\/\\\/depagterinterieurs.nl\\\/de\\\/produkt-kategorien\\\/gartenmoebel\\\/#breadcrumb\",\"itemListElement\":[{\"@type\":\"ListItem\",\"position\":1,\"name\":\"Home\",\"item\":\"https:\\\/\\\/depagterinterieurs.nl\\\/de\\\/homepagina-de\\\/\"},{\"@type\":\"ListItem\",\"position\":2,\"name\":\"Gartenm\u00f6bel\"}]},{\"@type\":\"WebSite\",\"@id\":\"https:\\\/\\\/depagterinterieurs.nl\\\/de\\\/#website\",\"url\":\"https:\\\/\\\/depagterinterieurs.nl\\\/de\\\/\",\"name\":\"De Pagter Interieurs\",\"description\":\"M\u00f6belgesch\u00e4fte in Middelburg - Domburg - Veere\",\"potentialAction\":[{\"@type\":\"SearchAction\",\"target\":{\"@type\":\"EntryPoint\",\"urlTemplate\":\"https:\\\/\\\/depagterinterieurs.nl\\\/de\\\/?s={search_term_string}\"},\"query-input\":{\"@type\":\"PropertyValueSpecification\",\"valueRequired\":true,\"valueName\":\"search_term_string\"}}],\"inLanguage\":\"de-DE\"}]}<\/script>\n<!-- \/ Yoast SEO plugin. -->","yoast_head_json":{"title":"Gartenm\u00f6bel Archieven - De Pagter Interieurs","description":"Gartenm\u00f6bel - Entdecken Sie stilvolle und langlebige M\u00f6bel f\u00fcr Ihren Au\u00dfenbereich.","robots":{"index":"index","follow":"follow","max-snippet":"max-snippet:-1","max-image-preview":"max-image-preview:large","max-video-preview":"max-video-preview:-1"},"canonical":"https:\/\/depagterinterieurs.nl\/de\/produkt-kategorien\/gartenmoebel\/","og_locale":"de_DE","og_type":"article","og_title":"Gartenm\u00f6bel Archieven - De Pagter Interieurs","og_description":"Gartenm\u00f6bel - Entdecken Sie stilvolle und langlebige M\u00f6bel f\u00fcr Ihren Au\u00dfenbereich.","og_url":"https:\/\/depagterinterieurs.nl\/de\/produkt-kategorien\/gartenmoebel\/","og_site_name":"De Pagter Interieurs","twitter_card":"summary_large_image","schema":{"@context":"https:\/\/schema.org","@graph":[{"@type":"CollectionPage","@id":"https:\/\/depagterinterieurs.nl\/de\/produkt-kategorien\/gartenmoebel\/","url":"https:\/\/depagterinterieurs.nl\/de\/produkt-kategorien\/gartenmoebel\/","name":"Gartenm\u00f6bel Archieven - De Pagter Interieurs","isPartOf":{"@id":"https:\/\/depagterinterieurs.nl\/de\/#website"},"description":"Gartenm\u00f6bel - Entdecken Sie stilvolle und langlebige M\u00f6bel f\u00fcr Ihren Au\u00dfenbereich.","breadcrumb":{"@id":"https:\/\/depagterinterieurs.nl\/de\/produkt-kategorien\/gartenmoebel\/#breadcrumb"},"inLanguage":"de-DE"},{"@type":"BreadcrumbList","@id":"https:\/\/depagterinterieurs.nl\/de\/produkt-kategorien\/gartenmoebel\/#breadcrumb","itemListElement":[{"@type":"ListItem","position":1,"name":"Home","item":"https:\/\/depagterinterieurs.nl\/de\/homepagina-de\/"},{"@type":"ListItem","position":2,"name":"Gartenm\u00f6bel"}]},{"@type":"WebSite","@id":"https:\/\/depagterinterieurs.nl\/de\/#website","url":"https:\/\/depagterinterieurs.nl\/de\/","name":"De Pagter Interieurs","description":"M\u00f6belgesch\u00e4fte in Middelburg - Domburg - Veere","potentialAction":[{"@type":"SearchAction","target":{"@type":"EntryPoint","urlTemplate":"https:\/\/depagterinterieurs.nl\/de\/?s={search_term_string}"},"query-input":{"@type":"PropertyValueSpecification","valueRequired":true,"valueName":"search_term_string"}}],"inLanguage":"de-DE"}]}},"_links":{"self":[{"href":"https:\/\/depagterinterieurs.nl\/de\/wp-json\/wp\/v2\/product_cat\/1035","targetHints":{"allow":["GET"]}}],"collection":[{"href":"https:\/\/depagterinterieurs.nl\/de\/wp-json\/wp\/v2\/product_cat"}],"about":[{"href":"https:\/\/depagterinterieurs.nl\/de\/wp-json\/wp\/v2\/taxonomies\/product_cat"}],"wp:post_type":[{"href":"https:\/\/depagterinterieurs.nl\/de\/wp-json\/wp\/v2\/product?product_cat=1035"}],"curies":[{"name":"wp","href":"https:\/\/api.w.org\/{rel}","templated":true}]}}