{"id":367,"count":35,"description":"Der Kauf eines Sofas kann manchmal eine schwierige Wahl sein, man muss \u00fcber die Gr\u00f6\u00dfe, den Stoff, die Farbe und eine Reihe anderer Aspekte nachdenken. In unseren M\u00f6belh\u00e4usern haben wir Sofas in verschiedenen Gr\u00f6\u00dfen. Die meisten Ecksofas bestehen zudem aus verschiedenen Elementen, sodass Sie sich Ihr eigenes Sofa zusammenstellen k\u00f6nnen. Suchen Sie ein 2-Sitzer-Sofa oder ein ger\u00e4umiges Ecksofa? Die M\u00f6glichkeiten sind endlos! Dar\u00fcber hinaus haben wir f\u00fcr die meisten Sofas eine gro\u00dfe Auswahl an Stoff- und Ledermustern, mit denen Sie das Sofa an den Rest Ihrer Einrichtung anpassen k\u00f6nnen.","link":"https:\/\/depagterinterieurs.nl\/de\/produkt-kategorien\/sofas-sessel\/sofas-de\/","name":"Sofas","slug":"sofas-de","taxonomy":"product_cat","parent":90,"meta":[],"menu_order":0,"yoast_head":"<!-- This site is optimized with the Yoast SEO plugin v27.3 - https:\/\/yoast.com\/product\/yoast-seo-wordpress\/ -->\n<title>Sofas Archieven - De Pagter Interieurs<\/title>\n<meta name=\"robots\" content=\"index, follow, max-snippet:-1, max-image-preview:large, max-video-preview:-1\" \/>\n<link rel=\"canonical\" href=\"https:\/\/depagterinterieurs.nl\/de\/produkt-kategorien\/sofas-sessel\/sofas-de\/\" \/>\n<meta property=\"og:locale\" content=\"de_DE\" \/>\n<meta property=\"og:type\" content=\"article\" \/>\n<meta property=\"og:title\" content=\"Sofas Archieven - De Pagter Interieurs\" \/>\n<meta property=\"og:description\" content=\"Der Kauf eines Sofas kann manchmal eine schwierige Wahl sein, man muss \u00fcber die Gr\u00f6\u00dfe, den Stoff, die Farbe und eine Reihe anderer Aspekte nachdenken. In unseren M\u00f6belh\u00e4usern haben wir Sofas in verschiedenen Gr\u00f6\u00dfen. Die meisten Ecksofas bestehen zudem aus verschiedenen Elementen, sodass Sie sich Ihr eigenes Sofa zusammenstellen k\u00f6nnen. Suchen Sie ein 2-Sitzer-Sofa oder ein ger\u00e4umiges Ecksofa? Die M\u00f6glichkeiten sind endlos! Dar\u00fcber hinaus haben wir f\u00fcr die meisten Sofas eine gro\u00dfe Auswahl an Stoff- und Ledermustern, mit denen Sie das Sofa an den Rest Ihrer Einrichtung anpassen k\u00f6nnen.\" \/>\n<meta property=\"og:url\" content=\"https:\/\/depagterinterieurs.nl\/de\/produkt-kategorien\/sofas-sessel\/sofas-de\/\" \/>\n<meta property=\"og:site_name\" content=\"De Pagter Interieurs\" \/>\n<meta name=\"twitter:card\" content=\"summary_large_image\" \/>\n<script type=\"application\/ld+json\" class=\"yoast-schema-graph\">{\"@context\":\"https:\\\/\\\/schema.org\",\"@graph\":[{\"@type\":\"CollectionPage\",\"@id\":\"https:\\\/\\\/depagterinterieurs.nl\\\/de\\\/produkt-kategorien\\\/sofas-sessel\\\/sofas-de\\\/\",\"url\":\"https:\\\/\\\/depagterinterieurs.nl\\\/de\\\/produkt-kategorien\\\/sofas-sessel\\\/sofas-de\\\/\",\"name\":\"Sofas Archieven - De Pagter Interieurs\",\"isPartOf\":{\"@id\":\"https:\\\/\\\/depagterinterieurs.nl\\\/de\\\/#website\"},\"breadcrumb\":{\"@id\":\"https:\\\/\\\/depagterinterieurs.nl\\\/de\\\/produkt-kategorien\\\/sofas-sessel\\\/sofas-de\\\/#breadcrumb\"},\"inLanguage\":\"de-DE\"},{\"@type\":\"BreadcrumbList\",\"@id\":\"https:\\\/\\\/depagterinterieurs.nl\\\/de\\\/produkt-kategorien\\\/sofas-sessel\\\/sofas-de\\\/#breadcrumb\",\"itemListElement\":[{\"@type\":\"ListItem\",\"position\":1,\"name\":\"Home\",\"item\":\"https:\\\/\\\/depagterinterieurs.nl\\\/de\\\/homepagina-de\\\/\"},{\"@type\":\"ListItem\",\"position\":2,\"name\":\"Sofas \\\/ Sessel\",\"item\":\"https:\\\/\\\/depagterinterieurs.nl\\\/de\\\/produkt-kategorien\\\/sofas-sessel\\\/\"},{\"@type\":\"ListItem\",\"position\":3,\"name\":\"Sofas\"}]},{\"@type\":\"WebSite\",\"@id\":\"https:\\\/\\\/depagterinterieurs.nl\\\/de\\\/#website\",\"url\":\"https:\\\/\\\/depagterinterieurs.nl\\\/de\\\/\",\"name\":\"De Pagter Interieurs\",\"description\":\"M\u00f6belgesch\u00e4fte in Middelburg - Domburg - Veere\",\"potentialAction\":[{\"@type\":\"SearchAction\",\"target\":{\"@type\":\"EntryPoint\",\"urlTemplate\":\"https:\\\/\\\/depagterinterieurs.nl\\\/de\\\/?s={search_term_string}\"},\"query-input\":{\"@type\":\"PropertyValueSpecification\",\"valueRequired\":true,\"valueName\":\"search_term_string\"}}],\"inLanguage\":\"de-DE\"}]}<\/script>\n<!-- \/ Yoast SEO plugin. -->","yoast_head_json":{"title":"Sofas Archieven - De Pagter Interieurs","robots":{"index":"index","follow":"follow","max-snippet":"max-snippet:-1","max-image-preview":"max-image-preview:large","max-video-preview":"max-video-preview:-1"},"canonical":"https:\/\/depagterinterieurs.nl\/de\/produkt-kategorien\/sofas-sessel\/sofas-de\/","og_locale":"de_DE","og_type":"article","og_title":"Sofas Archieven - De Pagter Interieurs","og_description":"Der Kauf eines Sofas kann manchmal eine schwierige Wahl sein, man muss \u00fcber die Gr\u00f6\u00dfe, den Stoff, die Farbe und eine Reihe anderer Aspekte nachdenken. In unseren M\u00f6belh\u00e4usern haben wir Sofas in verschiedenen Gr\u00f6\u00dfen. Die meisten Ecksofas bestehen zudem aus verschiedenen Elementen, sodass Sie sich Ihr eigenes Sofa zusammenstellen k\u00f6nnen. Suchen Sie ein 2-Sitzer-Sofa oder ein ger\u00e4umiges Ecksofa? Die M\u00f6glichkeiten sind endlos! Dar\u00fcber hinaus haben wir f\u00fcr die meisten Sofas eine gro\u00dfe Auswahl an Stoff- und Ledermustern, mit denen Sie das Sofa an den Rest Ihrer Einrichtung anpassen k\u00f6nnen.","og_url":"https:\/\/depagterinterieurs.nl\/de\/produkt-kategorien\/sofas-sessel\/sofas-de\/","og_site_name":"De Pagter Interieurs","twitter_card":"summary_large_image","schema":{"@context":"https:\/\/schema.org","@graph":[{"@type":"CollectionPage","@id":"https:\/\/depagterinterieurs.nl\/de\/produkt-kategorien\/sofas-sessel\/sofas-de\/","url":"https:\/\/depagterinterieurs.nl\/de\/produkt-kategorien\/sofas-sessel\/sofas-de\/","name":"Sofas Archieven - De Pagter Interieurs","isPartOf":{"@id":"https:\/\/depagterinterieurs.nl\/de\/#website"},"breadcrumb":{"@id":"https:\/\/depagterinterieurs.nl\/de\/produkt-kategorien\/sofas-sessel\/sofas-de\/#breadcrumb"},"inLanguage":"de-DE"},{"@type":"BreadcrumbList","@id":"https:\/\/depagterinterieurs.nl\/de\/produkt-kategorien\/sofas-sessel\/sofas-de\/#breadcrumb","itemListElement":[{"@type":"ListItem","position":1,"name":"Home","item":"https:\/\/depagterinterieurs.nl\/de\/homepagina-de\/"},{"@type":"ListItem","position":2,"name":"Sofas \/ Sessel","item":"https:\/\/depagterinterieurs.nl\/de\/produkt-kategorien\/sofas-sessel\/"},{"@type":"ListItem","position":3,"name":"Sofas"}]},{"@type":"WebSite","@id":"https:\/\/depagterinterieurs.nl\/de\/#website","url":"https:\/\/depagterinterieurs.nl\/de\/","name":"De Pagter Interieurs","description":"M\u00f6belgesch\u00e4fte in Middelburg - Domburg - Veere","potentialAction":[{"@type":"SearchAction","target":{"@type":"EntryPoint","urlTemplate":"https:\/\/depagterinterieurs.nl\/de\/?s={search_term_string}"},"query-input":{"@type":"PropertyValueSpecification","valueRequired":true,"valueName":"search_term_string"}}],"inLanguage":"de-DE"}]}},"_links":{"self":[{"href":"https:\/\/depagterinterieurs.nl\/de\/wp-json\/wp\/v2\/product_cat\/367","targetHints":{"allow":["GET"]}}],"collection":[{"href":"https:\/\/depagterinterieurs.nl\/de\/wp-json\/wp\/v2\/product_cat"}],"about":[{"href":"https:\/\/depagterinterieurs.nl\/de\/wp-json\/wp\/v2\/taxonomies\/product_cat"}],"up":[{"embeddable":true,"href":"https:\/\/depagterinterieurs.nl\/de\/wp-json\/wp\/v2\/product_cat\/90"}],"wp:post_type":[{"href":"https:\/\/depagterinterieurs.nl\/de\/wp-json\/wp\/v2\/product?product_cat=367"}],"curies":[{"name":"wp","href":"https:\/\/api.w.org\/{rel}","templated":true}]}}