{"id":90,"count":76,"description":"<h5><span class=\"tagnamecolor\"><span class=\"tagcolor\">Sofas und Sessel<\/span><\/span><\/h5>\r\nEin Sofa zu kaufen kann manchmal eine schwierige Wahl sein, m\u00fcssen Sie \u00fcber die Gr\u00f6\u00dfe, den Stoff, die Farbe und so gibt es noch einige Aspekte denken. In unseren Gesch\u00e4ften haben wir verschiedene Gr\u00f6\u00dfen von Sofas und Sesseln. Die meisten Eckb\u00e4nke bestehen auch aus verschiedenen Elementen, so dass Sie Ihr eigenes Sofa erstellen k\u00f6nnen. Sie suchen ein 2-Sitzer-Sofa oder ein gro\u00dfz\u00fcgiges Ecksofa? Die M\u00f6glichkeiten sind endlos! Dar\u00fcber hinaus haben wir f\u00fcr die meisten Sofas eine gro\u00dfe Auswahl an Stoff- und Ledermustern, mit denen Sie das Sofa auf den Rest Ihres Interieurs zuschneiden k\u00f6nnen.","link":"https:\/\/depagterinterieurs.nl\/de\/produkt-kategorien\/sofas-sessel\/","name":"Sofas \/ Sessel","slug":"sofas-sessel","taxonomy":"product_cat","parent":0,"meta":[],"menu_order":1,"yoast_head":"<!-- This site is optimized with the Yoast SEO plugin v27.3 - https:\/\/yoast.com\/product\/yoast-seo-wordpress\/ -->\n<title>Sofas \/ Sessel - De Pagter Interieurs - Middelburg - Domburg - Veere<\/title>\n<meta name=\"description\" content=\"Kaufen oder Liegen oder Sessel k\u00f6nnen manchmal eine schwierige Entscheidung sein. In unseren M\u00f6belh\u00e4usern haben wir verschiedene Gr\u00f6\u00dfen von Sofas und Sesseln.\" \/>\n<meta name=\"robots\" content=\"index, follow, max-snippet:-1, max-image-preview:large, max-video-preview:-1\" \/>\n<link rel=\"canonical\" href=\"https:\/\/depagterinterieurs.nl\/de\/produkt-kategorien\/sofas-sessel\/\" \/>\n<meta property=\"og:locale\" content=\"de_DE\" \/>\n<meta property=\"og:type\" content=\"article\" \/>\n<meta property=\"og:title\" content=\"Sofas \/ Sessel - De Pagter Interieurs - Middelburg - Domburg - Veere\" \/>\n<meta property=\"og:description\" content=\"Kaufen oder Liegen oder Sessel k\u00f6nnen manchmal eine schwierige Entscheidung sein. In unseren M\u00f6belh\u00e4usern haben wir verschiedene Gr\u00f6\u00dfen von Sofas und Sesseln.\" \/>\n<meta property=\"og:url\" content=\"https:\/\/depagterinterieurs.nl\/de\/produkt-kategorien\/sofas-sessel\/\" \/>\n<meta property=\"og:site_name\" content=\"De Pagter Interieurs\" \/>\n<meta name=\"twitter:card\" content=\"summary_large_image\" \/>\n<script type=\"application\/ld+json\" class=\"yoast-schema-graph\">{\"@context\":\"https:\\\/\\\/schema.org\",\"@graph\":[{\"@type\":\"CollectionPage\",\"@id\":\"https:\\\/\\\/depagterinterieurs.nl\\\/de\\\/produkt-kategorien\\\/sofas-sessel\\\/\",\"url\":\"https:\\\/\\\/depagterinterieurs.nl\\\/de\\\/produkt-kategorien\\\/sofas-sessel\\\/\",\"name\":\"Sofas \\\/ Sessel - De Pagter Interieurs - Middelburg - Domburg - Veere\",\"isPartOf\":{\"@id\":\"https:\\\/\\\/depagterinterieurs.nl\\\/de\\\/#website\"},\"description\":\"Kaufen oder Liegen oder Sessel k\u00f6nnen manchmal eine schwierige Entscheidung sein. In unseren M\u00f6belh\u00e4usern haben wir verschiedene Gr\u00f6\u00dfen von Sofas und Sesseln.\",\"breadcrumb\":{\"@id\":\"https:\\\/\\\/depagterinterieurs.nl\\\/de\\\/produkt-kategorien\\\/sofas-sessel\\\/#breadcrumb\"},\"inLanguage\":\"de-DE\"},{\"@type\":\"BreadcrumbList\",\"@id\":\"https:\\\/\\\/depagterinterieurs.nl\\\/de\\\/produkt-kategorien\\\/sofas-sessel\\\/#breadcrumb\",\"itemListElement\":[{\"@type\":\"ListItem\",\"position\":1,\"name\":\"Home\",\"item\":\"https:\\\/\\\/depagterinterieurs.nl\\\/de\\\/homepagina-de\\\/\"},{\"@type\":\"ListItem\",\"position\":2,\"name\":\"Sofas \\\/ Sessel\"}]},{\"@type\":\"WebSite\",\"@id\":\"https:\\\/\\\/depagterinterieurs.nl\\\/de\\\/#website\",\"url\":\"https:\\\/\\\/depagterinterieurs.nl\\\/de\\\/\",\"name\":\"De Pagter Interieurs\",\"description\":\"M\u00f6belgesch\u00e4fte in Middelburg - Domburg - Veere\",\"potentialAction\":[{\"@type\":\"SearchAction\",\"target\":{\"@type\":\"EntryPoint\",\"urlTemplate\":\"https:\\\/\\\/depagterinterieurs.nl\\\/de\\\/?s={search_term_string}\"},\"query-input\":{\"@type\":\"PropertyValueSpecification\",\"valueRequired\":true,\"valueName\":\"search_term_string\"}}],\"inLanguage\":\"de-DE\"}]}<\/script>\n<!-- \/ Yoast SEO plugin. -->","yoast_head_json":{"title":"Sofas \/ Sessel - De Pagter Interieurs - Middelburg - Domburg - Veere","description":"Kaufen oder Liegen oder Sessel k\u00f6nnen manchmal eine schwierige Entscheidung sein. In unseren M\u00f6belh\u00e4usern haben wir verschiedene Gr\u00f6\u00dfen von Sofas und Sesseln.","robots":{"index":"index","follow":"follow","max-snippet":"max-snippet:-1","max-image-preview":"max-image-preview:large","max-video-preview":"max-video-preview:-1"},"canonical":"https:\/\/depagterinterieurs.nl\/de\/produkt-kategorien\/sofas-sessel\/","og_locale":"de_DE","og_type":"article","og_title":"Sofas \/ Sessel - De Pagter Interieurs - Middelburg - Domburg - Veere","og_description":"Kaufen oder Liegen oder Sessel k\u00f6nnen manchmal eine schwierige Entscheidung sein. In unseren M\u00f6belh\u00e4usern haben wir verschiedene Gr\u00f6\u00dfen von Sofas und Sesseln.","og_url":"https:\/\/depagterinterieurs.nl\/de\/produkt-kategorien\/sofas-sessel\/","og_site_name":"De Pagter Interieurs","twitter_card":"summary_large_image","schema":{"@context":"https:\/\/schema.org","@graph":[{"@type":"CollectionPage","@id":"https:\/\/depagterinterieurs.nl\/de\/produkt-kategorien\/sofas-sessel\/","url":"https:\/\/depagterinterieurs.nl\/de\/produkt-kategorien\/sofas-sessel\/","name":"Sofas \/ Sessel - De Pagter Interieurs - Middelburg - Domburg - Veere","isPartOf":{"@id":"https:\/\/depagterinterieurs.nl\/de\/#website"},"description":"Kaufen oder Liegen oder Sessel k\u00f6nnen manchmal eine schwierige Entscheidung sein. In unseren M\u00f6belh\u00e4usern haben wir verschiedene Gr\u00f6\u00dfen von Sofas und Sesseln.","breadcrumb":{"@id":"https:\/\/depagterinterieurs.nl\/de\/produkt-kategorien\/sofas-sessel\/#breadcrumb"},"inLanguage":"de-DE"},{"@type":"BreadcrumbList","@id":"https:\/\/depagterinterieurs.nl\/de\/produkt-kategorien\/sofas-sessel\/#breadcrumb","itemListElement":[{"@type":"ListItem","position":1,"name":"Home","item":"https:\/\/depagterinterieurs.nl\/de\/homepagina-de\/"},{"@type":"ListItem","position":2,"name":"Sofas \/ Sessel"}]},{"@type":"WebSite","@id":"https:\/\/depagterinterieurs.nl\/de\/#website","url":"https:\/\/depagterinterieurs.nl\/de\/","name":"De Pagter Interieurs","description":"M\u00f6belgesch\u00e4fte in Middelburg - Domburg - Veere","potentialAction":[{"@type":"SearchAction","target":{"@type":"EntryPoint","urlTemplate":"https:\/\/depagterinterieurs.nl\/de\/?s={search_term_string}"},"query-input":{"@type":"PropertyValueSpecification","valueRequired":true,"valueName":"search_term_string"}}],"inLanguage":"de-DE"}]}},"_links":{"self":[{"href":"https:\/\/depagterinterieurs.nl\/de\/wp-json\/wp\/v2\/product_cat\/90","targetHints":{"allow":["GET"]}}],"collection":[{"href":"https:\/\/depagterinterieurs.nl\/de\/wp-json\/wp\/v2\/product_cat"}],"about":[{"href":"https:\/\/depagterinterieurs.nl\/de\/wp-json\/wp\/v2\/taxonomies\/product_cat"}],"wp:post_type":[{"href":"https:\/\/depagterinterieurs.nl\/de\/wp-json\/wp\/v2\/product?product_cat=90"}],"curies":[{"name":"wp","href":"https:\/\/api.w.org\/{rel}","templated":true}]}}